{"id":24,"date":"2012-03-02T10:55:54","date_gmt":"2012-03-02T08:55:54","guid":{"rendered":"http:\/\/www.comprarespecias.com\/?p=24"},"modified":"2017-09-26T15:56:31","modified_gmt":"2017-09-26T13:56:31","slug":"salon-del-gourmet-2012","status":"publish","type":"post","link":"https:\/\/www.spicescave.com\/blog\/salon-del-gourmet-2012\/","title":{"rendered":"Sal\u00f3n del Gourmet 2012"},"content":{"rendered":"<p>Los d\u00edas 5, 6, 7 y 8 de marzo se celebra en Madrid el <a href=\"http:\/\/www.salondegourmets.com\/index.php\"><strong>sal\u00f3n del gourmet 2012<\/strong><\/a>, es una feria de alimentaci\u00f3n y bebidas de calidad que el a\u00f1o pasado cumpli\u00f3 25 a\u00f1os, <a title=\"Spices Cave Tienda on-line\" href=\"http:\/\/www.spicescave.com\/\" target=\"_blank\"><strong>Spices Cave<\/strong> <\/a>visitar\u00e1 este a\u00f1o por primera vez el sal\u00f3n y esperemos que el a\u00f1o que viene podamos tener all\u00ed nuestro propio stand.<\/p>\n<p>&nbsp;<a href=\"http:\/\/www.spicescave.com\/blog\/wp-content\/uploads\/2012\/09\/CARTEL_salon_gourmes_2012.jpg\"><img loading=\"lazy\" class=\"aligncenter size-medium wp-image-25\" src=\"http:\/\/www.spicescave.com\/blog\/wp-content\/uploads\/2012\/09\/CARTEL_salon_gourmes_2012-212x300.jpg\" alt=\"Cartel del Sal\u00f3n Gourmets 2012\" width=\"212\" height=\"300\" srcset=\"https:\/\/www.spicescave.com\/blog\/wp-content\/uploads\/2012\/09\/CARTEL_salon_gourmes_2012-212x300.jpg 212w, https:\/\/www.spicescave.com\/blog\/wp-content\/uploads\/2012\/09\/CARTEL_salon_gourmes_2012-723x1024.jpg 723w, https:\/\/www.spicescave.com\/blog\/wp-content\/uploads\/2012\/09\/CARTEL_salon_gourmes_2012.jpg 1131w\" sizes=\"(max-width: 212px) 100vw, 212px\" \/><\/a><\/p>\n","protected":false},"excerpt":{"rendered":"<p>Los d\u00edas 5, 6, 7 y 8 de marzo se celebra en Madrid el sal\u00f3n del gourmet 2012, es una feria de alimentaci\u00f3n y bebidas de calidad que el a\u00f1o pasado cumpli\u00f3 25 a\u00f1os, Spices Cave visitar\u00e1 este a\u00f1o por primera vez el sal\u00f3n y esperemos que el a\u00f1o que viene podamos tener all\u00ed nuestro [&hellip;]<\/p>\n","protected":false},"author":2,"featured_media":25,"comment_status":"open","ping_status":"open","sticky":false,"template":"","format":"standard","meta":[],"categories":[14],"tags":[15,17,496,16,18],"_links":{"self":[{"href":"https:\/\/www.spicescave.com\/blog\/wp-json\/wp\/v2\/posts\/24"}],"collection":[{"href":"https:\/\/www.spicescave.com\/blog\/wp-json\/wp\/v2\/posts"}],"about":[{"href":"https:\/\/www.spicescave.com\/blog\/wp-json\/wp\/v2\/types\/post"}],"author":[{"embeddable":true,"href":"https:\/\/www.spicescave.com\/blog\/wp-json\/wp\/v2\/users\/2"}],"replies":[{"embeddable":true,"href":"https:\/\/www.spicescave.com\/blog\/wp-json\/wp\/v2\/comments?post=24"}],"version-history":[{"count":7,"href":"https:\/\/www.spicescave.com\/blog\/wp-json\/wp\/v2\/posts\/24\/revisions"}],"predecessor-version":[{"id":3908,"href":"https:\/\/www.spicescave.com\/blog\/wp-json\/wp\/v2\/posts\/24\/revisions\/3908"}],"wp:featuredmedia":[{"embeddable":true,"href":"https:\/\/www.spicescave.com\/blog\/wp-json\/wp\/v2\/media\/25"}],"wp:attachment":[{"href":"https:\/\/www.spicescave.com\/blog\/wp-json\/wp\/v2\/media?parent=24"}],"wp:term":[{"taxonomy":"category","embeddable":true,"href":"https:\/\/www.spicescave.com\/blog\/wp-json\/wp\/v2\/categories?post=24"},{"taxonomy":"post_tag","embeddable":true,"href":"https:\/\/www.spicescave.com\/blog\/wp-json\/wp\/v2\/tags?post=24"}],"curies":[{"name":"wp","href":"https:\/\/api.w.org\/{rel}","templated":true}]}}