{"id":2147,"date":"2015-02-22T21:34:19","date_gmt":"2015-02-22T19:34:19","guid":{"rendered":"http:\/\/www.comprarespecias.com\/?p=2147"},"modified":"2015-02-22T21:34:19","modified_gmt":"2015-02-22T19:34:19","slug":"abran-fuego-programa-5-y-6","status":"publish","type":"post","link":"https:\/\/www.spicescave.com\/blog\/abran-fuego-programa-5-y-6\/","title":{"rendered":"Abran Fuego: Programa 5 y 6"},"content":{"rendered":"<p style=\"text-align: justify;\">Bueeeenoooo pues venga, ya lo s\u00e9 ten\u00eda que haber publicado mi resumen semanal del programa, pero ha sido imposible, as\u00ed que despu\u00e9s de verme el programa en &#8220;<em>diferido<\/em>&#8221; aqu\u00ed os dejo los res\u00famenes los programas 5 y 6 de Abran Fuego.<\/p>\n<figure id=\"attachment_2148\" aria-describedby=\"caption-attachment-2148\" style=\"width: 614px\" class=\"wp-caption aligncenter\"><a href=\"http:\/\/www.comprarespecias.com\/wp-content\/uploads\/2015\/02\/Abran-Fuego-388.jpg\"><img loading=\"lazy\" class=\" wp-image-2148 \" alt=\"RA?L BALBOA Foto propiedad de Telemadrid\" src=\"http:\/\/www.comprarespecias.com\/wp-content\/uploads\/2015\/02\/Abran-Fuego-388-1024x768.jpg\" width=\"614\" height=\"461\" srcset=\"https:\/\/www.spicescave.com\/blog\/wp-content\/uploads\/2015\/02\/Abran-Fuego-388-1024x768.jpg 1024w, https:\/\/www.spicescave.com\/blog\/wp-content\/uploads\/2015\/02\/Abran-Fuego-388-300x225.jpg 300w, https:\/\/www.spicescave.com\/blog\/wp-content\/uploads\/2015\/02\/Abran-Fuego-388.jpg 1200w\" sizes=\"(max-width: 614px) 100vw, 614px\" \/><\/a><figcaption id=\"caption-attachment-2148\" class=\"wp-caption-text\">RA?L BALBOA<br \/>Foto propiedad de Telemadrid<\/figcaption><\/figure>\n<h2 style=\"text-align: center;\">Abran Fuego: Programa 5<\/h2>\n<p style=\"text-align: justify;\">Resulta que el Lunes 2 de febrero nos quedamos sin tele, si ventajas o inconvenientes de vivir en un pueblo, resulta que despu\u00e9s del hurac\u00e1n que hubo el d\u00eda anterior nuestra antena decidi\u00f3 irse a paseo y para colmo la ADSL tampoco nos dio tregua con lo cual tuve que conformarme con los comentarios de TW y result\u00f3 que fue un program\u00f3n. Pero no voy a haceros un despiece tan largo como otras veces porque son dos post.<\/p>\n<p style=\"text-align: justify;\">El programa de esta semana estaba dedicado a algo tan madrileno como son las tapas peroooo la tapa tiene que llevar bacalao, cerveza, aceitunas y queso&#8230;vamos dificilillo por que lo que se mirar\u00e1 muy mucho la presentaci\u00f3n, as\u00ed que se van a las mesas decidir quien ser\u00e1 el capit\u00e1n, as\u00ed que Ra\u00fal capit\u00e1n de los azules y<em> Sandra<\/em> de los naranja y quien va al mercado, en esta ocasi\u00f3n al mercado de San Ant\u00f3n (maravilloso), donde tendr\u00e1n que buscar los gorros de sus mentores.\u00a0 Los ganadores son el equipo Naranja y de recompensa la ayuda de su mentor durante 5 minutos.<\/p>\n<p style=\"text-align: justify;\">La prueba de grupo fue m\u00e1s o menos tranquila, Rodrigo a mi forma de ver estuvo francamente desaprovechado, tener a un chef profesional y tenerle picando????, manda &#8220;co&#8230;.&#8221;, en fin. En la cocina les acompa\u00f1\u00f3 Juanjo L\u00f3pez de la <a title=\"La tasquita de enfrente\" href=\"http:\/\/www.latasquitadeenfrente.com\/\" target=\"_blank\">Tasquita de Enfrente. <\/a>Eso si por primera vez no vi a <em>Blanca<\/em> dando voces en la cocina, estaba tranquila. Eso s\u00ed al <em>equipo az\u00fal<\/em> todo lo que le salio mal, le salio mal, no les falto nada de nada. El equipo naranja tuvieron un fallito con la espuma y encima se les doblaban los bacalaos.<\/p>\n<p style=\"text-align: justify;\">El jurado de esta prueba fueron <em>Alejandra Anson<\/em> de elite gourmet, <em>David Maestro<\/em> de cervezas Cibeles y <em>Juanjo L\u00f3pez<\/em> de la Tasquita de Enfrente, despu\u00e9s de la cata quedo claro que los fallos del <strong>equipo azul<\/strong> les pas\u00f3 factura y fueron los perdedores de la prueba y no pudieron disfrutar de la <strong>Master Class<\/strong> que vino de la mano de el chef <strong>?scar Velasco<\/strong> en <a title=\"Restaurante Santceloni\" href=\"http:\/\/www.restaurantesantceloni.com\/\" target=\"_blank\">Santceloni.<\/a><\/p>\n<p style=\"text-align: justify;\">Mientras en la prueba de eliminaci\u00f3n tuvieron que dar lo mejor de si mismos pero tras la valoraci\u00f3n del jurado, el eliminado de la prueba fue Ra\u00fal y he de decir que no me gusto mucho, porque a \u00e9l y a Blanca les he cogido un cari\u00f1ito especial.<\/p>\n<p style=\"text-align: justify;\">Y aqu\u00ed os dejo el v\u00eddeo del programa completo.<\/p>\n<figure id=\"attachment_2158\" aria-describedby=\"caption-attachment-2158\" style=\"width: 614px\" class=\"wp-caption aligncenter\"><a href=\"http:\/\/bcove.me\/n9lj29h5\"><img loading=\"lazy\" class=\" wp-image-2158      \" alt=\"Equipo azul - Programa 5 completo\" src=\"http:\/\/www.comprarespecias.com\/wp-content\/uploads\/2015\/02\/Abran-Fuego-80-1024x682.jpg\" width=\"614\" height=\"409\" srcset=\"https:\/\/www.spicescave.com\/blog\/wp-content\/uploads\/2015\/02\/Abran-Fuego-80-1024x682.jpg 1024w, https:\/\/www.spicescave.com\/blog\/wp-content\/uploads\/2015\/02\/Abran-Fuego-80-300x200.jpg 300w, https:\/\/www.spicescave.com\/blog\/wp-content\/uploads\/2015\/02\/Abran-Fuego-80.jpg 1200w\" sizes=\"(max-width: 614px) 100vw, 614px\" \/><\/a><figcaption id=\"caption-attachment-2158\" class=\"wp-caption-text\">Equipo azul &#8211; Programa 5 completo <br \/>Foto propiedad de Telemadrid<\/figcaption><\/figure>\n<p>&nbsp;<\/p>\n<p>&nbsp;<\/p>\n<figure id=\"attachment_2149\" aria-describedby=\"caption-attachment-2149\" style=\"width: 409px\" class=\"wp-caption aligncenter\"><a href=\"http:\/\/www.comprarespecias.com\/wp-content\/uploads\/2015\/02\/Abran-Fuego-227.jpg\"><img loading=\"lazy\" class=\" wp-image-2149 \" alt=\"SANDRA RIOFR\u00cdO Foto propiedad de Telemadrid\" src=\"http:\/\/www.comprarespecias.com\/wp-content\/uploads\/2015\/02\/Abran-Fuego-227-682x1024.jpg\" width=\"409\" height=\"614\" srcset=\"https:\/\/www.spicescave.com\/blog\/wp-content\/uploads\/2015\/02\/Abran-Fuego-227-682x1024.jpg 682w, https:\/\/www.spicescave.com\/blog\/wp-content\/uploads\/2015\/02\/Abran-Fuego-227-200x300.jpg 200w, https:\/\/www.spicescave.com\/blog\/wp-content\/uploads\/2015\/02\/Abran-Fuego-227.jpg 800w\" sizes=\"(max-width: 409px) 100vw, 409px\" \/><\/a><figcaption id=\"caption-attachment-2149\" class=\"wp-caption-text\">SANDRA RIOFR\u00cdO<br \/>Foto propiedad de Telemadrid<\/figcaption><\/figure>\n<h2 style=\"text-align: center;\">Abran Fuego: Programa 6<\/h2>\n<p style=\"text-align: justify;\">El 6 programa coincidi\u00f3 con el cambio de horario de emisi\u00f3n del programa a los domingos despu\u00e9s de la peli, a las 23.45 y todo hay que decirlo que mi horario de madre no me ayuda a ver el programa a estas horas (<em>muy mal, hay que pensar el los padres y madres que vemos el programa<\/em>) pero adem\u00e1s que nos pillo en<strong> Reus<\/strong> poni\u00e9ndonos morados a Cal\u00e7ots, por lo que he tenido que verme este programa tambi\u00e9n en &#8220;diferido&#8221;&#8230;as\u00ed es la vida.<\/p>\n<p style=\"text-align: justify;\">El programa de esta semana estaba dedicado al <strong>Cocido Madrile\u00f1o<\/strong>, un cl\u00e1sico y un plato que me encanta, pero claro no se lo iban a poner as\u00ed de f\u00e1cil y el reto consisti\u00f3 en interpretar el cocido, y tampoco hubo <em>prueba de mercado<\/em>, con lo divertida que es ver a <strong>Blanca<\/strong> y a <strong>Fran<\/strong> corriendo por los mercados, jejejeje. Los capitanes fueron <strong>Blanca<\/strong> por el <em>equipo azul<\/em> (seleccionada mediante pulso) y <strong>\u00c1lvaro<\/strong> por el <em>equipo naranja\u00a0<\/em>y manos a la obra, all\u00e1 que se pudieron a decidir los platos.<\/p>\n<p style=\"text-align: justify;\">Los <em>cociditos<\/em> los proporcionaba la <a title=\"Taberna la bola\" href=\"http:\/\/www.labola.es\/\" target=\"_blank\"><strong>Taberna la Bola<\/strong><\/a>, estos se\u00f1ores llevan tres generaciones preparando cocidos con le\u00f1a de encina en pucheros de barro y yo que los he probado os digo que son un 10, y para presentarlos y acompa\u00f1arles en la cocina estuvo <strong>Mara Verdasco<\/strong>.<\/p>\n<p style=\"text-align: justify;\">Cuando ya hab\u00edan empezado a cocinar los &#8220;profes&#8221; paran el reloj y les dicen que se cambian los capitanes&#8230;sus caras son para verlas, no se lo pueden creer y claro como cada uno es como es pues a la hora de capitanear al equipo contrario <em>\u00c1lvaro<\/em> que es un amor decidi\u00f3 que con &#8220;no hacer ni el huevo&#8221;\u00a0 y que <em>Fran<\/em> lo tuviera que hacer todo era suficiente, pero ainssss, el equipo naranja no contaba con que <em>Blanquita<\/em> es una autentica &#8220;<em>mosca cojoner<\/em>a&#8221; que no contenta con estropearles todo lo que pillaba a su paso al grito de &#8220;<em>donde est\u00e1 la pimienta esa jodidamente picante<\/em>&#8221; o se dedicara a ponerse en medio y abrazar a sus contrincantes para cabreo de <em>Ana<\/em> y la estupefacci\u00f3n de <em>Sandra<\/em> y mientras <em>\u00c1lvaro<\/em> plantado en mitad de la cocina probandolo todo para desesperaci\u00f3n de <em>Fran<\/em>&#8230;.ahora que los dos profes se rieron lo suyo y lo de un amigo.<\/p>\n<p style=\"text-align: justify;\">Como siempre despu\u00e9s de la tempestad llega la calma y cada capit\u00e1n regresa a su equipo y <em>Urrechu<\/em> y <em>De la Calle<\/em> ponen orden en el caos tras el sabotaje para que los platos sean comibles. Mientras <em>Fran<\/em> y <em>Blanca<\/em> discuten por los ravioli que deciden no poner el equipo naranja est\u00e1 emplatando. Se acaba el tiempo y mientras los naranjas se felicitan los azules se recriminan lo que han hecho durante la prueba. Y estos son los platos:<\/p>\n<figure id=\"attachment_2152\" aria-describedby=\"caption-attachment-2152\" style=\"width: 492px\" class=\"wp-caption aligncenter\"><a href=\"http:\/\/www.comprarespecias.com\/wp-content\/uploads\/2015\/02\/decostruccion_cocido_crujiente_garbanzo_aire_zanahoria.jpg\"><img loading=\"lazy\" class=\" wp-image-2152 \" alt=\"Deconstrucci\u00f3n de Cocido con crujiente de garbanzos y aire de zanahoria - Equipo Naranja Foto propiedad de Telemadrid\" src=\"http:\/\/www.comprarespecias.com\/wp-content\/uploads\/2015\/02\/decostruccion_cocido_crujiente_garbanzo_aire_zanahoria.jpg\" width=\"492\" height=\"277\" srcset=\"https:\/\/www.spicescave.com\/blog\/wp-content\/uploads\/2015\/02\/decostruccion_cocido_crujiente_garbanzo_aire_zanahoria.jpg 615w, https:\/\/www.spicescave.com\/blog\/wp-content\/uploads\/2015\/02\/decostruccion_cocido_crujiente_garbanzo_aire_zanahoria-300x168.jpg 300w\" sizes=\"(max-width: 492px) 100vw, 492px\" \/><\/a><figcaption id=\"caption-attachment-2152\" class=\"wp-caption-text\">Deconstrucci\u00f3n de Cocido con crujiente de garbanzos y aire de zanahoria &#8211; Equipo Naranja<br \/>Foto propiedad de Telemadrid<\/figcaption><\/figure>\n<figure id=\"attachment_2153\" aria-describedby=\"caption-attachment-2153\" style=\"width: 494px\" class=\"wp-caption aligncenter\"><a href=\"http:\/\/www.comprarespecias.com\/wp-content\/uploads\/2015\/02\/ropavieja_refrito_garbanzos_olivas_negras.jpg\"><img loading=\"lazy\" class=\" wp-image-2153 \" alt=\"Ropavieja con refrito de garbanzos y olivas negras - Equipo Az\u00fal Foto propiedad de Telemadrid\" src=\"http:\/\/www.comprarespecias.com\/wp-content\/uploads\/2015\/02\/ropavieja_refrito_garbanzos_olivas_negras.jpg\" width=\"494\" height=\"276\" srcset=\"https:\/\/www.spicescave.com\/blog\/wp-content\/uploads\/2015\/02\/ropavieja_refrito_garbanzos_olivas_negras.jpg 617w, https:\/\/www.spicescave.com\/blog\/wp-content\/uploads\/2015\/02\/ropavieja_refrito_garbanzos_olivas_negras-300x167.jpg 300w\" sizes=\"(max-width: 494px) 100vw, 494px\" \/><\/a><figcaption id=\"caption-attachment-2153\" class=\"wp-caption-text\">Ropavieja con refrito de garbanzos y olivas negras &#8211; Equipo Az\u00fal<br \/>Foto propiedad de Telemadrid<\/figcaption><\/figure>\n<p style=\"text-align: justify;\">El jurado de los platos de hoy son: Mara Verdasco de la Bola, Paco Becerro de <a title=\"Directo al Paladar\" href=\"http:\/\/www.directoalpaladar.com\/\" target=\"_blank\">Directo al Paladar<\/a>, y Cristina Comenge de <a title=\"Oido cocina gourmet\" href=\"http:\/\/oidococinagourmet.com\/\" target=\"_blank\">O\u00eddo Cocina gourmet <\/a>(y sus deliciosas croquetas) y los ganadores de esta semana: <strong>El Equipo Az\u00fal, <\/strong>que tendr\u00e1n el placer de disfrutar de una<strong> Master Class <\/strong>de la mano de<strong> Andrea Tumbarello<\/strong> del restaurante <a title=\"Restaurante Don Giovanni\" href=\"http:\/\/dongiovanni.es\/web\/\" target=\"_blank\">Don Giovanni.<\/a><\/p>\n<p style=\"text-align: justify;\">La <strong>Master Class<\/strong> de <strong>Andrea<\/strong> consisti\u00f3 en ver hacer magia a este chef, productos de calidad, buen hacer e ilusi\u00f3n a partes iguales para preparar una Bosquenara, una carbonara auntentica preparada con boletus y trufa blanca. El plato es sencillo pero exquisito: pasta, boletus y trufa fresca, huevos, queso pecorino y pimienta negra&#8230;y si quereis saber como se prepara a ver el video<\/p>\n<p style=\"text-align: justify;\">Mientras en la prueba de eliminaci\u00f3n, que se las tra\u00eda tambi\u00e9n, porque no solo tuvieron que descubrir que tipo de arroz les tocaba sino que como premio ten\u00eda que salir a la calle a buscar un &#8220;pinche&#8221; de cada nacionalidad para que les ayudara, a saber: \u00c1lvaro-japon\u00e9s, Sandra-Italiano y Ana-Ind\u00fa&#8230;ah\u00ed es na.<\/p>\n<p style=\"text-align: justify;\">En f\u00edn se ponen a cocinar y los pinches se hacen con la cocina&#8230;Termina la prueba y \u00c1lvaro est\u00e1 super preocupado con su plato porque no le ha dado a terminar de emplatar&#8230;en fin, el tema es que el jurado era duro, muy, muy duro y el risotto de <em>Sandra<\/em> delante de <em>Andrea<\/em> salvo que fuera de escandalo estaba fuera y as\u00ed fue, <strong>Sandra<\/strong> es es la eliminada de esta semana, una pena de verdad.<\/p>\n<p style=\"text-align: justify;\">Y aqu\u00ed os dejo el v\u00eddeo del programa completo, no os olvid\u00e9is que se ha cambiado la hora y el d\u00eda de emisi\u00f3n a los <strong>domingos<\/strong> a las <strong>23.45<\/strong> en<strong> Telemadrid.<\/strong><\/p>\n<figure id=\"attachment_2081\" aria-describedby=\"caption-attachment-2081\" style=\"width: 614px\" class=\"wp-caption aligncenter\"><a href=\"http:\/\/bcove.me\/n9lj29h5\"><img loading=\"lazy\" class=\" wp-image-2081  \" title=\"Equipo naranja\" alt=\"Equipo Naranja Foto propiedad de Telemadrid\" src=\"http:\/\/www.comprarespecias.com\/wp-content\/uploads\/2015\/01\/Abran-Fuego-583-1024x682.jpg\" width=\"614\" height=\"409\" srcset=\"https:\/\/www.spicescave.com\/blog\/wp-content\/uploads\/2015\/01\/Abran-Fuego-583-1024x682.jpg 1024w, https:\/\/www.spicescave.com\/blog\/wp-content\/uploads\/2015\/01\/Abran-Fuego-583-300x200.jpg 300w, https:\/\/www.spicescave.com\/blog\/wp-content\/uploads\/2015\/01\/Abran-Fuego-583.jpg 1200w\" sizes=\"(max-width: 614px) 100vw, 614px\" \/><\/a><figcaption id=\"caption-attachment-2081\" class=\"wp-caption-text\">Equipo naranja &#8211; Programa 6 completo<br \/>Foto propiedad de Telemadrid<\/figcaption><\/figure>\n","protected":false},"excerpt":{"rendered":"<p>Bueeeenoooo pues venga, ya lo s\u00e9 ten\u00eda que haber publicado mi resumen semanal del programa, pero ha sido imposible, as\u00ed que despu\u00e9s de verme el programa en &#8220;diferido&#8221; aqu\u00ed os dejo los res\u00famenes los programas 5 y 6 de Abran Fuego. Abran Fuego: Programa 5 Resulta que el Lunes 2 de febrero nos quedamos sin [&hellip;]<\/p>\n","protected":false},"author":2,"featured_media":2157,"comment_status":"open","ping_status":"open","sticky":false,"template":"","format":"standard","meta":[],"categories":[14],"tags":[549,590,1583,611,612,18,554],"_links":{"self":[{"href":"https:\/\/www.spicescave.com\/blog\/wp-json\/wp\/v2\/posts\/2147"}],"collection":[{"href":"https:\/\/www.spicescave.com\/blog\/wp-json\/wp\/v2\/posts"}],"about":[{"href":"https:\/\/www.spicescave.com\/blog\/wp-json\/wp\/v2\/types\/post"}],"author":[{"embeddable":true,"href":"https:\/\/www.spicescave.com\/blog\/wp-json\/wp\/v2\/users\/2"}],"replies":[{"embeddable":true,"href":"https:\/\/www.spicescave.com\/blog\/wp-json\/wp\/v2\/comments?post=2147"}],"version-history":[{"count":11,"href":"https:\/\/www.spicescave.com\/blog\/wp-json\/wp\/v2\/posts\/2147\/revisions"}],"predecessor-version":[{"id":2164,"href":"https:\/\/www.spicescave.com\/blog\/wp-json\/wp\/v2\/posts\/2147\/revisions\/2164"}],"wp:featuredmedia":[{"embeddable":true,"href":"https:\/\/www.spicescave.com\/blog\/wp-json\/wp\/v2\/media\/2157"}],"wp:attachment":[{"href":"https:\/\/www.spicescave.com\/blog\/wp-json\/wp\/v2\/media?parent=2147"}],"wp:term":[{"taxonomy":"category","embeddable":true,"href":"https:\/\/www.spicescave.com\/blog\/wp-json\/wp\/v2\/categories?post=2147"},{"taxonomy":"post_tag","embeddable":true,"href":"https:\/\/www.spicescave.com\/blog\/wp-json\/wp\/v2\/tags?post=2147"}],"curies":[{"name":"wp","href":"https:\/\/api.w.org\/{rel}","templated":true}]}}