{"id":650,"date":"2013-02-20T23:58:00","date_gmt":"2013-02-20T21:58:00","guid":{"rendered":"http:\/\/www.comprarespecias.com\/?p=650"},"modified":"2013-02-22T14:18:55","modified_gmt":"2013-02-22T12:18:55","slug":"mompreneurs","status":"publish","type":"post","link":"http:\/\/www.spicescave.com\/blog\/mompreneurs\/","title":{"rendered":"Mompreneurs"},"content":{"rendered":"<p style=\"text-align: justify;\"><a href=\"http:\/\/www.comprarespecias.com\/wp-content\/uploads\/2013\/02\/mompreneur_3506695_s.jpg\"><img loading=\"lazy\" class=\"aligncenter size-medium wp-image-773\" title=\"mompreneur_3506695_s\" src=\"http:\/\/www.comprarespecias.com\/wp-content\/uploads\/2013\/02\/mompreneur_3506695_s-300x200.jpg\" alt=\"\" width=\"300\" height=\"200\" srcset=\"http:\/\/www.spicescave.com\/blog\/wp-content\/uploads\/2013\/02\/mompreneur_3506695_s-300x200.jpg 300w, http:\/\/www.spicescave.com\/blog\/wp-content\/uploads\/2013\/02\/mompreneur_3506695_s.jpg 400w\" sizes=\"(max-width: 300px) 100vw, 300px\" \/><\/a><\/p>\n<p style=\"text-align: justify;\">Soy una de las &#8220;<strong>mompreneurs<\/strong>&#8221; tan en boga ahora, una mam\u00e1, una mujer\u00a0emprendedora, una profesional de las TI que ha decidido arriesgar su\u00a0capital y tratar de aportar valor a un negocio tan tradicional como es la venta de especias (<strong>www.spicescave.com<\/strong>) y adecuarlo a las necesidades de hoy, con mucha ilusi\u00f3n y muchas ganas, durmiendo poco, quit\u00e1ndole tiempo a mi hijo,\u00a0 mi marido, mi familia y a mi misma y todo ello \u00bfpara qu\u00e9?.<\/p>\n<p style=\"text-align: justify;\">Ni que decir tiene que cuando comenc\u00e9 esta nueva andadura en ning\u00fan momento pens\u00e9 que iba a tener alguna ayuda gubernamental, ni mucho menos, pero lo que tampoco me esperaba es la contin\u00faa zancadilla de nuestro gobierno, tanto el auton\u00f3mico, como el local, como el central.<\/p>\n<p style=\"text-align: justify;\">Me he encontrado con una subida del <strong>I.V.A., <\/strong>que por supuesto con la situaci\u00f3n de recesi\u00f3n en la que se encuentra nuestro pa\u00eds ni se me paso por la cabeza repercutirlo en el precio de mis productos, un Ministerio de Trabajo (perd\u00f3n ahora Ministerio de Empleo y Seguridad social, cambio de nombre que por si no lo saben nos ha costado millones de euros a todos los espa\u00f1oles) que me solicita que pague por adelantado mi cuota de aut\u00f3nomos sin importarle ni tan siquiera que durante esos <strong>5 meses<\/strong> yo no tuviera mi tienda on-line <strong>en funcionamiento<\/strong>, me gustar\u00eda saber que opinar\u00eda una empresa si estos se\u00f1ores les hicieran abonar previamente las cuotas de la seguridad social de los trabajadores que estiman contratar para ese a\u00f1o.<\/p>\n<p style=\"text-align: justify;\"><a href=\"http:\/\/www.comprarespecias.com\/wp-content\/uploads\/2013\/02\/impuestos_aut\u00f3nomos_iStock_000011746531XSmall.jpg\"><img loading=\"lazy\" class=\"aligncenter size-medium wp-image-772\" title=\"econimic crisis force business man to suicide\" src=\"http:\/\/www.comprarespecias.com\/wp-content\/uploads\/2013\/02\/impuestos_aut\u00f3nomos_iStock_000011746531XSmall-300x199.jpg\" alt=\"\" width=\"300\" height=\"199\" srcset=\"http:\/\/www.spicescave.com\/blog\/wp-content\/uploads\/2013\/02\/impuestos_aut\u00f3nomos_iStock_000011746531XSmall-300x199.jpg 300w, http:\/\/www.spicescave.com\/blog\/wp-content\/uploads\/2013\/02\/impuestos_aut\u00f3nomos_iStock_000011746531XSmall.jpg 425w\" sizes=\"(max-width: 300px) 100vw, 300px\" \/><\/a><\/p>\n<p style=\"text-align: justify;\">Por ende y por ser un espa\u00f1olito m\u00e1s, me han subido el resto de los impuestos, la luz, el agua, la gasolina, los pa\u00f1ales \u00a0y la leche de mi hijo que ya no son un producto de primera necesidad, los libros, el tel\u00e9fono, mi suelo por cuenta ajena no crece, la gente no tiene un duro y no compra y para colmo a mi nadie me da ning\u00fan &#8220;<strong>sobre&#8221;<\/strong> por\u00a0NO contar lo que veo todos los d\u00edas en las <strong>Administraciones Publicas<\/strong> y tampoco puedo acogerme a una <strong>amnist\u00eda fiscal<\/strong> de esas y no pagar esos 5 meses de aut\u00f3nomos que ?me han clavado por el morro??.<\/p>\n<p style=\"text-align: justify;\">Adem\u00e1s como mi tienda no me da para comer, de echo solo me da para pagar a aut\u00f3nomos y comprar los productos y materiales que necesito, porque sepan ustedes que da igual la facturaci\u00f3n que yo tenga que mi cuota de aut\u00f3nomos es la misma mes tras mes, tengo que seguir <strong>trabajando por cuenta ajena<\/strong>, pero\u00a0cual es mi sorpresa cuando me dicen que si me despiden por cualquier causa de mi trabajo por cuenta ajena <strong>no<\/strong> me <strong>corresponde paro<\/strong> que estoy pagando todos los meses\u00a0y que naturalmente esas cuant\u00edas las pierdo si no vuelvo a trabajar por cuenta ajena en el plazo de un a\u00f1o, y yo me pregunto, \u00bfy entonces por qu\u00e9 me hacen cotizar en <strong>dos reg\u00edmenes<\/strong> distintos sino tengo los derechos que me corresponden en ambos cuando yo cumplo religiosamente en los dos?.<\/p>\n<p style=\"text-align: justify;\">La respuesta es sencilla, porque queremos quedarnos con su <strong>?pasta??<\/strong> se\u00f1ora y punto, porque queremos que las empresas las monten se\u00f1ores con mucho dinerito que en caso de que comentan un fraude lo hagan a lo grande y saquen el dinero a Suiza y nos puedan dar sustanciosos sobres, \u00a0que tengan buenos abogados para que puedan circunscribir la ley y pas\u00e1rsela por los ?cojones?? una y otra vez sin miedo de tener que responder de sus actos y decisiones ni ante la ley, ni ante sus trabajadores, ni ante nadie, simplemente no queremos <strong>empresarios ?mindundis??.<\/strong><\/p>\n<p style=\"text-align: justify;\">Si est\u00e1s pensando en emprender, <strong>no lo hagas<\/strong> en este pa\u00eds, da igual si ganas dos o dos millones pagar\u00e1s lo mismo, las ayudas son mentira, las inspecciones de sanidad y trabajo se suceden una y otra vez en las peque\u00f1as empresas, las trabas son surrealistas, unos ejemplos para ilustrar los miles de desprop\u00f3sitos con los que se encuentran las peque\u00f1as empresas todos los d\u00edas:<\/p>\n<p style=\"text-align: justify; padding-left: 30px;\">Era s\u00e9 que se era una empresa sita en <strong>un pueblo del Sur de Espa\u00f1a<\/strong>, a la que fue un inspector de sanidad, el cual tras buscar y buscar por donde ?meterle el puro?? al propietario, decidi\u00f3 que deb\u00eda instalar un <strong>calefactor<\/strong> (aire acondicionado\/bomba de calor) en la tienda para afrontar los duros inviernos en dicha localidad??o le pon\u00edan un &#8220;mult\u00f3n&#8221; que iba a tener que cerrar.<\/p>\n<p style=\"text-align: justify; padding-left: 30px;\">Era s\u00e9 que se era una tienda <strong>on-line<\/strong> de venta de productos para beb\u00e9s domicilida en el <strong>Pa\u00eds Vasco<\/strong> que cometi\u00f3 la imprudencia de vender sus productos a toda Espa\u00f1a, cuando un inspector de la <strong>Junta de Andaluc\u00eda<\/strong> decidi\u00f3 ?meterle un puro?? de los que hacen historia porque se les hab\u00eda olvidado poner en la descripci\u00f3n de una <strong>cuna de madera <\/strong>como hab\u00eda que realizar el limpiado de la misma y\u00a0adem\u00e1s porque\u00a0no ten\u00edan puesto el <strong>precio por kilo<\/strong> de las <strong>cremas de culo<\/strong> de beb\u00e9s.<\/p>\n<p style=\"text-align: justify; padding-left: 30px;\">Y muchas, muchas, m\u00e1s&#8230;<\/p>\n<p style=\"text-align: justify;\">Y as\u00ed se\u00f1oras y se\u00f1ores termina este relato para que\u00a0sepan iniciados y profanos, lo maravilloso, sencillo y rentable que es montar una empresa en este pa\u00eds, y si necesitan m\u00e1s datos de como est\u00e1 el patio visiten ustedes Can <a title=\"Viernes reivindicativo\" href=\"http:\/\/peinetapintxosymimonillo.wordpress.com\/2013\/02\/22\/rincon-bloguero-viernes-reivindicativo\/\" target=\"_blank\">Peinetapintxos<\/a> y veran como algo &#8220;huele mal en este pa\u00eds&#8221;.<\/p>\n<p style=\"text-align: justify;\"><a href=\"http:\/\/www.comprarespecias.com\/wp-content\/uploads\/2013\/02\/lahoradedespertar_color.jpg\"><img loading=\"lazy\" class=\"aligncenter size-medium wp-image-779\" title=\"lahoradedespertar_color\" src=\"http:\/\/www.comprarespecias.com\/wp-content\/uploads\/2013\/02\/lahoradedespertar_color-300x286.jpg\" alt=\"\" width=\"300\" height=\"286\" srcset=\"http:\/\/www.spicescave.com\/blog\/wp-content\/uploads\/2013\/02\/lahoradedespertar_color-300x286.jpg 300w, http:\/\/www.spicescave.com\/blog\/wp-content\/uploads\/2013\/02\/lahoradedespertar_color.jpg 490w\" sizes=\"(max-width: 300px) 100vw, 300px\" \/><\/a><\/p>\n","protected":false},"excerpt":{"rendered":"<p>Soy una de las &#8220;mompreneurs&#8221; tan en boga ahora, una mam\u00e1, una mujer\u00a0emprendedora, una profesional de las TI que ha decidido arriesgar su\u00a0capital y tratar de aportar valor a un negocio tan tradicional como es la venta de especias (www.spicescave.com) y adecuarlo a las necesidades de hoy, con mucha ilusi\u00f3n y muchas ganas, durmiendo poco, [&hellip;]<\/p>\n","protected":false},"author":2,"featured_media":773,"comment_status":"open","ping_status":"open","sticky":false,"template":"","format":"standard","meta":[],"categories":[1],"tags":[],"_links":{"self":[{"href":"http:\/\/www.spicescave.com\/blog\/wp-json\/wp\/v2\/posts\/650"}],"collection":[{"href":"http:\/\/www.spicescave.com\/blog\/wp-json\/wp\/v2\/posts"}],"about":[{"href":"http:\/\/www.spicescave.com\/blog\/wp-json\/wp\/v2\/types\/post"}],"author":[{"embeddable":true,"href":"http:\/\/www.spicescave.com\/blog\/wp-json\/wp\/v2\/users\/2"}],"replies":[{"embeddable":true,"href":"http:\/\/www.spicescave.com\/blog\/wp-json\/wp\/v2\/comments?post=650"}],"version-history":[{"count":24,"href":"http:\/\/www.spicescave.com\/blog\/wp-json\/wp\/v2\/posts\/650\/revisions"}],"predecessor-version":[{"id":780,"href":"http:\/\/www.spicescave.com\/blog\/wp-json\/wp\/v2\/posts\/650\/revisions\/780"}],"wp:featuredmedia":[{"embeddable":true,"href":"http:\/\/www.spicescave.com\/blog\/wp-json\/wp\/v2\/media\/773"}],"wp:attachment":[{"href":"http:\/\/www.spicescave.com\/blog\/wp-json\/wp\/v2\/media?parent=650"}],"wp:term":[{"taxonomy":"category","embeddable":true,"href":"http:\/\/www.spicescave.com\/blog\/wp-json\/wp\/v2\/categories?post=650"},{"taxonomy":"post_tag","embeddable":true,"href":"http:\/\/www.spicescave.com\/blog\/wp-json\/wp\/v2\/tags?post=650"}],"curies":[{"name":"wp","href":"https:\/\/api.w.org\/{rel}","templated":true}]}}